{"id":1494,"date":"2024-07-18T17:23:07","date_gmt":"2024-07-18T17:23:07","guid":{"rendered":"https:\/\/lvfoto.ro\/hora\/?p=1494"},"modified":"2026-08-20T11:40:18","modified_gmt":"2026-08-20T11:40:18","slug":"ukulele-tenor-zebrano","status":"publish","type":"post","link":"https:\/\/hora-instruments.com\/ro\/ukulele-tenor-zebrano\/","title":{"rendered":"Ukulele Tenor Zebrano"},"content":{"rendered":"<p>Ridica\u021bi-v\u0103 performan\u021ba acustic\u0103 cu Ukulele Tenor Zebrano (scal\u0103 de 402 mm), realizat manual cu m\u00e2ndrie la istorica fabric\u0103 Hora Instruments din Reghin, Rom\u00e2nia. Prezent\u00e2nd o selec\u021bie de lemn extrem de distinctiv\u0103, acest model tenor \u00eembin\u0103 o construc\u021bie frumoas\u0103 cu fa\u021b\u0103 \u0219i spate din zebrano cu o structur\u0103 robust\u0103 a corpului. Acesta ofer\u0103 o voce acustic\u0103 mai plin\u0103, mai profund\u0103 \u0219i mai rezonant\u0103 \u00een compara\u021bie cu dimensiunile mai mici de soprano, fiind alegerea ideal\u0103 pentru interpre\u021bii de nivel intermediar, muzicienii de folk \u00een turneu \u0219i multi-instrumenti\u0219tii care apreciaz\u0103 o estetic\u0103 frapant\u0103 cu dungi de zebr\u0103 \u0219i luteria european\u0103 tradi\u021bional\u0103. \u00cen loc s\u0103 se bazeze pe compozite plastice generice sau materiale sintetice simple, acest ukulele tenor este construit din lemn de rezonan\u021b\u0103 atent selec\u021bionat care a trecut prin mai mult de cinci ani de \u00eenvechire natural\u0103, garant\u00e2nd o stabilitate climatic\u0103 remarcabil\u0103 pentru drum.<\/p>\n<h2>Detalii tehnice<\/h2>\n<table style=\"border-collapse: collapse; width: 100%; height: 147px;\">\n<tbody>\n<tr style=\"height: 24px;\">\n<td style=\"width: 50%; height: 24px;\"><strong>Model<\/strong><\/td>\n<td style=\"width: 50%; height: 24px;\">Ukulele Tenor Zebrano<\/td>\n<\/tr>\n<tr style=\"height: 24px;\">\n<td style=\"width: 50%; height: 24px;\"><strong>Cod<\/strong><\/td>\n<td style=\"width: 50%; height: 24px;\">Z1176<\/td>\n<\/tr>\n<tr>\n<td style=\"width: 50%;\"><strong>Menzura<br \/>\n<\/strong><\/td>\n<td style=\"width: 50%;\">402 mm<\/td>\n<\/tr>\n<tr style=\"height: 24px;\">\n<td style=\"width: 50%; height: 24px;\"><strong>Fa\u021b\u0103<\/strong><\/td>\n<td style=\"width: 50%; height: 24px;\">zebrano laminat<\/td>\n<\/tr>\n<tr style=\"height: 24px;\">\n<td style=\"width: 50%; height: 23px;\"><strong>Spate<\/strong><\/td>\n<td style=\"width: 50%; height: 23px;\">zebrano laminat<\/td>\n<\/tr>\n<tr style=\"height: 24px;\">\n<td style=\"width: 50%; height: 24px;\"><strong>Eclis\u0103<\/strong><\/td>\n<td style=\"width: 50%; height: 24px;\">paltin<\/td>\n<\/tr>\n<tr>\n<td style=\"width: 50%;\"><strong>C\u0103lu\u015f\/Pr\u0103gu\u015f<\/strong><\/td>\n<td style=\"width: 50%;\">plastic<\/td>\n<\/tr>\n<tr style=\"height: 24px;\">\n<td style=\"width: 50%; height: 28px;\"><strong>G\u00e2t<\/strong><\/td>\n<td style=\"width: 50%; height: 28px;\">paltin<\/td>\n<\/tr>\n<\/tbody>\n<\/table>\n<h2>Specifica\u021bii<\/h2>\n<ul>\n<li>Instrumentele sunt echipate cu corzi de foarte bun\u0103 calitate.<\/li>\n<li>Lemnul este atent selec\u0163ionat, av\u00e2nd mai mult de zece ani de \u00eemb\u0103tr\u00e2nire natural\u0103.<\/li>\n<li>Instrumentele sunt de asemenea confec\u0163ionate din lemn de mahon, nuc \u015fi zebrano.<\/li>\n<\/ul>\n<h2>Harta acordajului<\/h2>\n<table id=\"eael-data-table-00164c7\" class=\"tablesorter eael-data-table center\">\n<thead>\n<tr class=\"table-header\">\n<th id=\"\" class=\"\" colspan=\"\"><span class=\"data-table-header-text\">Num\u0103rul corzii<br \/>\n<\/span><\/th>\n<th id=\"\" class=\"\" colspan=\"\"><span class=\"data-table-header-text\">Nota<\/span><\/th>\n<th id=\"\" class=\"\" colspan=\"\"><span class=\"data-table-header-text\">Nota<\/span><\/th>\n<th id=\"\" class=\"\" colspan=\"\"><span class=\"data-table-header-text\">Frecven\u021b\u0103 (Hz)<\/span><\/th>\n<\/tr>\n<\/thead>\n<tbody>\n<tr>\n<td id=\"\" class=\"\" colspan=\"\" rowspan=\"\">\n<div class=\"td-content-wrapper\">\n<div class=\"td-content\">4<\/div>\n<\/div>\n<\/td>\n<td id=\"\" class=\"\" colspan=\"\" rowspan=\"\">\n<div class=\"td-content-wrapper\">\n<div class=\"td-content\">sol<\/div>\n<\/div>\n<\/td>\n<td id=\"\" class=\"\" colspan=\"\" rowspan=\"\">\n<div class=\"td-content-wrapper\">\n<div class=\"td-content\">G3<\/div>\n<\/div>\n<\/td>\n<td id=\"\" class=\"\" colspan=\"\" rowspan=\"\">\n<div class=\"td-content-wrapper\">\n<div class=\"td-content\">196,0<\/div>\n<\/div>\n<\/td>\n<\/tr>\n<tr>\n<td id=\"\" class=\"\" colspan=\"\" rowspan=\"\">\n<div class=\"td-content-wrapper\">\n<div class=\"td-content\">3<\/div>\n<\/div>\n<\/td>\n<td id=\"\" class=\"\" colspan=\"\" rowspan=\"\">\n<div class=\"td-content-wrapper\">\n<div class=\"td-content\">do1<\/div>\n<\/div>\n<\/td>\n<td id=\"\" class=\"\" colspan=\"\" rowspan=\"\">\n<div class=\"td-content-wrapper\">\n<div class=\"td-content\">C4<\/div>\n<\/div>\n<\/td>\n<td id=\"\" class=\"\" colspan=\"\" rowspan=\"\">\n<div class=\"td-content-wrapper\">\n<div class=\"td-content\">261,63<\/div>\n<\/div>\n<\/td>\n<\/tr>\n<tr>\n<td id=\"\" class=\"\" colspan=\"\" rowspan=\"\">\n<div class=\"td-content-wrapper\">\n<div class=\"td-content\">2<\/div>\n<\/div>\n<\/td>\n<td id=\"\" class=\"\" colspan=\"\" rowspan=\"\">\n<div class=\"td-content-wrapper\">\n<div class=\"td-content\">mi1<\/div>\n<\/div>\n<\/td>\n<td id=\"\" class=\"\" colspan=\"\" rowspan=\"\">\n<div class=\"td-content-wrapper\">\n<div class=\"td-content\">E4<\/div>\n<\/div>\n<\/td>\n<td id=\"\" class=\"\" colspan=\"\" rowspan=\"\">\n<div class=\"td-content-wrapper\">\n<div class=\"td-content\">329,63<\/div>\n<\/div>\n<\/td>\n<\/tr>\n<tr>\n<td id=\"\" class=\"\" colspan=\"\" rowspan=\"\">\n<div class=\"td-content-wrapper\">\n<div class=\"td-content\">1<\/div>\n<\/div>\n<\/td>\n<td id=\"\" class=\"\" colspan=\"\" rowspan=\"\">\n<div class=\"td-content-wrapper\">\n<div class=\"td-content\">la1<\/div>\n<\/div>\n<\/td>\n<td id=\"\" class=\"\" colspan=\"\" rowspan=\"\">\n<div class=\"td-content-wrapper\">\n<div class=\"td-content\">A4<\/div>\n<\/div>\n<\/td>\n<td id=\"\" class=\"\" colspan=\"\" rowspan=\"\">\n<div class=\"td-content-wrapper\">\n<div class=\"td-content\">440,0<\/div>\n<\/div>\n<\/td>\n<\/tr>\n<\/tbody>\n<\/table>\n","protected":false},"excerpt":{"rendered":"Ridica\u021bi-v\u0103 performan\u021ba acustic\u0103 cu Ukulele Tenor Zebrano (scal\u0103 de 402 mm), realizat manual cu m\u00e2ndrie la istorica fabric\u0103 Hora Instruments din Reghin, Rom\u00e2nia. Prezent\u00e2nd o selec\u021bie de lemn extrem de distinctiv\u0103, acest model tenor \u00eembin\u0103 o construc\u021bie frumoas\u0103 cu fa\u021b\u0103 \u0219i spate din zebrano cu o structur\u0103 robust\u0103 a corpului. Acesta ofer\u0103 o voce acustic\u0103&#8230; <a class=\"view-article\" href=\"https:\/\/hora-instruments.com\/ro\/ukulele-tenor-zebrano\/\">Vezi Articol<\/a>","protected":false},"author":1,"featured_media":1495,"comment_status":"open","ping_status":"open","sticky":false,"template":"","format":"standard","meta":{"_acf_changed":false,"footnotes":""},"categories":[34],"tags":[],"class_list":["post-1494","post","type-post","status-publish","format-standard","has-post-thumbnail","hentry","category-ukulele"],"acf":[],"yoast_head":"<!-- This site is optimized with the Yoast SEO plugin v28.1 - https:\/\/yoast.com\/product\/yoast-seo-wordpress\/ -->\n<title>Ukulele Tenor Zebrano<\/title>\n<meta name=\"description\" content=\"Ukulele Tenor Zebrano (scal\u0103 de 402 mm), realizat manual cu m\u00e2ndrie la istorica fabric\u0103 Hora Instruments din Reghin, Rom\u00e2nia.\" \/>\n<meta name=\"robots\" content=\"index, follow, max-snippet:-1, max-image-preview:large, max-video-preview:-1\" \/>\n<link rel=\"canonical\" href=\"https:\/\/hora-instruments.com\/ro\/ukulele-tenor-zebrano\/\" \/>\n<meta property=\"og:locale\" content=\"ro_RO\" \/>\n<meta property=\"og:type\" content=\"article\" \/>\n<meta property=\"og:title\" content=\"Ukulele Tenor Zebrano\" \/>\n<meta property=\"og:description\" content=\"Ukulele Tenor Zebrano (scal\u0103 de 402 mm), realizat manual cu m\u00e2ndrie la istorica fabric\u0103 Hora Instruments din Reghin, Rom\u00e2nia.\" \/>\n<meta property=\"og:url\" content=\"https:\/\/hora-instruments.com\/ro\/ukulele-tenor-zebrano\/\" \/>\n<meta property=\"og:site_name\" content=\"Instrumente Hora\" \/>\n<meta property=\"article:publisher\" content=\"https:\/\/www.facebook.com\/hora.instruments\" \/>\n<meta property=\"article:published_time\" content=\"2024-07-18T17:23:07+00:00\" \/>\n<meta property=\"article:modified_time\" content=\"2026-08-20T11:40:18+00:00\" \/>\n<meta property=\"og:image\" content=\"https:\/\/hora-instruments.com\/ro\/wp-content\/uploads\/2024\/07\/Ukulele-zebrano-tenor.jpg\" \/>\n\t<meta property=\"og:image:width\" content=\"600\" \/>\n\t<meta property=\"og:image:height\" content=\"899\" \/>\n\t<meta property=\"og:image:type\" content=\"image\/jpeg\" \/>\n<meta name=\"author\" content=\"HoraR\" \/>\n<meta name=\"twitter:card\" content=\"summary_large_image\" \/>\n<meta name=\"twitter:label1\" content=\"Scris de\" \/>\n\t<meta name=\"twitter:data1\" content=\"HoraR\" \/>\n\t<meta name=\"twitter:label2\" content=\"Timp estimat pentru citire\" \/>\n\t<meta name=\"twitter:data2\" content=\"2 minute\" \/>\n<script type=\"application\/ld+json\" class=\"yoast-schema-graph\">{\"@context\":\"https:\\\/\\\/schema.org\",\"@graph\":[{\"@type\":\"Article\",\"@id\":\"https:\\\/\\\/hora-instruments.com\\\/ro\\\/ukulele-tenor-zebrano\\\/#article\",\"isPartOf\":{\"@id\":\"https:\\\/\\\/hora-instruments.com\\\/ro\\\/ukulele-tenor-zebrano\\\/\"},\"author\":{\"name\":\"HoraR\",\"@id\":\"https:\\\/\\\/hora-instruments.com\\\/ro\\\/#\\\/schema\\\/person\\\/566460e54dd5800a3fa9d5d523e8ebc2\"},\"headline\":\"Ukulele Tenor Zebrano\",\"datePublished\":\"2024-07-18T17:23:07+00:00\",\"dateModified\":\"2026-08-20T11:40:18+00:00\",\"mainEntityOfPage\":{\"@id\":\"https:\\\/\\\/hora-instruments.com\\\/ro\\\/ukulele-tenor-zebrano\\\/\"},\"wordCount\":240,\"commentCount\":0,\"publisher\":{\"@id\":\"https:\\\/\\\/hora-instruments.com\\\/ro\\\/#organization\"},\"image\":{\"@id\":\"https:\\\/\\\/hora-instruments.com\\\/ro\\\/ukulele-tenor-zebrano\\\/#primaryimage\"},\"thumbnailUrl\":\"https:\\\/\\\/hora-instruments.com\\\/ro\\\/wp-content\\\/uploads\\\/2024\\\/07\\\/Ukulele-zebrano-tenor.jpg\",\"articleSection\":[\"Ukulele\"],\"inLanguage\":\"ro-RO\",\"potentialAction\":[{\"@type\":\"CommentAction\",\"name\":\"Comment\",\"target\":[\"https:\\\/\\\/hora-instruments.com\\\/ro\\\/ukulele-tenor-zebrano\\\/#respond\"]}]},{\"@type\":\"WebPage\",\"@id\":\"https:\\\/\\\/hora-instruments.com\\\/ro\\\/ukulele-tenor-zebrano\\\/\",\"url\":\"https:\\\/\\\/hora-instruments.com\\\/ro\\\/ukulele-tenor-zebrano\\\/\",\"name\":\"Ukulele Tenor Zebrano\",\"isPartOf\":{\"@id\":\"https:\\\/\\\/hora-instruments.com\\\/ro\\\/#website\"},\"primaryImageOfPage\":{\"@id\":\"https:\\\/\\\/hora-instruments.com\\\/ro\\\/ukulele-tenor-zebrano\\\/#primaryimage\"},\"image\":{\"@id\":\"https:\\\/\\\/hora-instruments.com\\\/ro\\\/ukulele-tenor-zebrano\\\/#primaryimage\"},\"thumbnailUrl\":\"https:\\\/\\\/hora-instruments.com\\\/ro\\\/wp-content\\\/uploads\\\/2024\\\/07\\\/Ukulele-zebrano-tenor.jpg\",\"datePublished\":\"2024-07-18T17:23:07+00:00\",\"dateModified\":\"2026-08-20T11:40:18+00:00\",\"description\":\"Ukulele Tenor Zebrano (scal\u0103 de 402 mm), realizat manual cu m\u00e2ndrie la istorica fabric\u0103 Hora Instruments din Reghin, Rom\u00e2nia.\",\"breadcrumb\":{\"@id\":\"https:\\\/\\\/hora-instruments.com\\\/ro\\\/ukulele-tenor-zebrano\\\/#breadcrumb\"},\"inLanguage\":\"ro-RO\",\"potentialAction\":[{\"@type\":\"ReadAction\",\"target\":[\"https:\\\/\\\/hora-instruments.com\\\/ro\\\/ukulele-tenor-zebrano\\\/\"]}]},{\"@type\":\"ImageObject\",\"inLanguage\":\"ro-RO\",\"@id\":\"https:\\\/\\\/hora-instruments.com\\\/ro\\\/ukulele-tenor-zebrano\\\/#primaryimage\",\"url\":\"https:\\\/\\\/hora-instruments.com\\\/ro\\\/wp-content\\\/uploads\\\/2024\\\/07\\\/Ukulele-zebrano-tenor.jpg\",\"contentUrl\":\"https:\\\/\\\/hora-instruments.com\\\/ro\\\/wp-content\\\/uploads\\\/2024\\\/07\\\/Ukulele-zebrano-tenor.jpg\",\"width\":600,\"height\":899,\"caption\":\"Ukulele zebrano tenor\"},{\"@type\":\"BreadcrumbList\",\"@id\":\"https:\\\/\\\/hora-instruments.com\\\/ro\\\/ukulele-tenor-zebrano\\\/#breadcrumb\",\"itemListElement\":[{\"@type\":\"ListItem\",\"position\":1,\"name\":\"Prima pagin\u0103\",\"item\":\"https:\\\/\\\/hora-instruments.com\\\/ro\\\/\"},{\"@type\":\"ListItem\",\"position\":2,\"name\":\"Ukulele Tenor Zebrano\"}]},{\"@type\":\"WebSite\",\"@id\":\"https:\\\/\\\/hora-instruments.com\\\/ro\\\/#website\",\"url\":\"https:\\\/\\\/hora-instruments.com\\\/ro\\\/\",\"name\":\"Instrumente Hora\",\"description\":\"\",\"publisher\":{\"@id\":\"https:\\\/\\\/hora-instruments.com\\\/ro\\\/#organization\"},\"potentialAction\":[{\"@type\":\"SearchAction\",\"target\":{\"@type\":\"EntryPoint\",\"urlTemplate\":\"https:\\\/\\\/hora-instruments.com\\\/ro\\\/?s={search_term_string}\"},\"query-input\":{\"@type\":\"PropertyValueSpecification\",\"valueRequired\":true,\"valueName\":\"search_term_string\"}}],\"inLanguage\":\"ro-RO\"},{\"@type\":\"Organization\",\"@id\":\"https:\\\/\\\/hora-instruments.com\\\/ro\\\/#organization\",\"name\":\"Instrumente Hora\",\"url\":\"https:\\\/\\\/hora-instruments.com\\\/ro\\\/\",\"logo\":{\"@type\":\"ImageObject\",\"inLanguage\":\"ro-RO\",\"@id\":\"https:\\\/\\\/hora-instruments.com\\\/ro\\\/#\\\/schema\\\/logo\\\/image\\\/\",\"url\":\"https:\\\/\\\/hora-instruments.com\\\/ro\\\/wp-content\\\/uploads\\\/2024\\\/10\\\/hora-instruments.png\",\"contentUrl\":\"https:\\\/\\\/hora-instruments.com\\\/ro\\\/wp-content\\\/uploads\\\/2024\\\/10\\\/hora-instruments.png\",\"width\":154,\"height\":154,\"caption\":\"Instrumente Hora\"},\"image\":{\"@id\":\"https:\\\/\\\/hora-instruments.com\\\/ro\\\/#\\\/schema\\\/logo\\\/image\\\/\"},\"sameAs\":[\"https:\\\/\\\/www.facebook.com\\\/hora.instruments\",\"https:\\\/\\\/www.instagram.com\\\/hora.factory\\\/\"]},{\"@type\":\"Person\",\"@id\":\"https:\\\/\\\/hora-instruments.com\\\/ro\\\/#\\\/schema\\\/person\\\/566460e54dd5800a3fa9d5d523e8ebc2\",\"name\":\"HoraR\",\"image\":{\"@type\":\"ImageObject\",\"inLanguage\":\"ro-RO\",\"@id\":\"https:\\\/\\\/secure.gravatar.com\\\/avatar\\\/614450387a5f6bcf6938bf01ff8a3457b93ef154b46227949267ec57bc7b7d41?s=96&d=mm&r=g\",\"url\":\"https:\\\/\\\/secure.gravatar.com\\\/avatar\\\/614450387a5f6bcf6938bf01ff8a3457b93ef154b46227949267ec57bc7b7d41?s=96&d=mm&r=g\",\"contentUrl\":\"https:\\\/\\\/secure.gravatar.com\\\/avatar\\\/614450387a5f6bcf6938bf01ff8a3457b93ef154b46227949267ec57bc7b7d41?s=96&d=mm&r=g\",\"caption\":\"HoraR\"},\"sameAs\":[\"http:\\\/\\\/localhost\\\/hora\"],\"url\":\"https:\\\/\\\/hora-instruments.com\\\/ro\\\/author\\\/horar\\\/\"}]}<\/script>\n<!-- \/ Yoast SEO plugin. -->","yoast_head_json":{"title":"Ukulele Tenor Zebrano","description":"Ukulele Tenor Zebrano (scal\u0103 de 402 mm), realizat manual cu m\u00e2ndrie la istorica fabric\u0103 Hora Instruments din Reghin, Rom\u00e2nia.","robots":{"index":"index","follow":"follow","max-snippet":"max-snippet:-1","max-image-preview":"max-image-preview:large","max-video-preview":"max-video-preview:-1"},"canonical":"https:\/\/hora-instruments.com\/ro\/ukulele-tenor-zebrano\/","og_locale":"ro_RO","og_type":"article","og_title":"Ukulele Tenor Zebrano","og_description":"Ukulele Tenor Zebrano (scal\u0103 de 402 mm), realizat manual cu m\u00e2ndrie la istorica fabric\u0103 Hora Instruments din Reghin, Rom\u00e2nia.","og_url":"https:\/\/hora-instruments.com\/ro\/ukulele-tenor-zebrano\/","og_site_name":"Instrumente Hora","article_publisher":"https:\/\/www.facebook.com\/hora.instruments","article_published_time":"2024-07-18T17:23:07+00:00","article_modified_time":"2026-08-20T11:40:18+00:00","og_image":[{"width":600,"height":899,"url":"https:\/\/hora-instruments.com\/ro\/wp-content\/uploads\/2024\/07\/Ukulele-zebrano-tenor.jpg","type":"image\/jpeg"}],"author":"HoraR","twitter_card":"summary_large_image","twitter_misc":{"Scris de":"HoraR","Timp estimat pentru citire":"2 minute"},"schema":{"@context":"https:\/\/schema.org","@graph":[{"@type":"Article","@id":"https:\/\/hora-instruments.com\/ro\/ukulele-tenor-zebrano\/#article","isPartOf":{"@id":"https:\/\/hora-instruments.com\/ro\/ukulele-tenor-zebrano\/"},"author":{"name":"HoraR","@id":"https:\/\/hora-instruments.com\/ro\/#\/schema\/person\/566460e54dd5800a3fa9d5d523e8ebc2"},"headline":"Ukulele Tenor Zebrano","datePublished":"2024-07-18T17:23:07+00:00","dateModified":"2026-08-20T11:40:18+00:00","mainEntityOfPage":{"@id":"https:\/\/hora-instruments.com\/ro\/ukulele-tenor-zebrano\/"},"wordCount":240,"commentCount":0,"publisher":{"@id":"https:\/\/hora-instruments.com\/ro\/#organization"},"image":{"@id":"https:\/\/hora-instruments.com\/ro\/ukulele-tenor-zebrano\/#primaryimage"},"thumbnailUrl":"https:\/\/hora-instruments.com\/ro\/wp-content\/uploads\/2024\/07\/Ukulele-zebrano-tenor.jpg","articleSection":["Ukulele"],"inLanguage":"ro-RO","potentialAction":[{"@type":"CommentAction","name":"Comment","target":["https:\/\/hora-instruments.com\/ro\/ukulele-tenor-zebrano\/#respond"]}]},{"@type":"WebPage","@id":"https:\/\/hora-instruments.com\/ro\/ukulele-tenor-zebrano\/","url":"https:\/\/hora-instruments.com\/ro\/ukulele-tenor-zebrano\/","name":"Ukulele Tenor Zebrano","isPartOf":{"@id":"https:\/\/hora-instruments.com\/ro\/#website"},"primaryImageOfPage":{"@id":"https:\/\/hora-instruments.com\/ro\/ukulele-tenor-zebrano\/#primaryimage"},"image":{"@id":"https:\/\/hora-instruments.com\/ro\/ukulele-tenor-zebrano\/#primaryimage"},"thumbnailUrl":"https:\/\/hora-instruments.com\/ro\/wp-content\/uploads\/2024\/07\/Ukulele-zebrano-tenor.jpg","datePublished":"2024-07-18T17:23:07+00:00","dateModified":"2026-08-20T11:40:18+00:00","description":"Ukulele Tenor Zebrano (scal\u0103 de 402 mm), realizat manual cu m\u00e2ndrie la istorica fabric\u0103 Hora Instruments din Reghin, Rom\u00e2nia.","breadcrumb":{"@id":"https:\/\/hora-instruments.com\/ro\/ukulele-tenor-zebrano\/#breadcrumb"},"inLanguage":"ro-RO","potentialAction":[{"@type":"ReadAction","target":["https:\/\/hora-instruments.com\/ro\/ukulele-tenor-zebrano\/"]}]},{"@type":"ImageObject","inLanguage":"ro-RO","@id":"https:\/\/hora-instruments.com\/ro\/ukulele-tenor-zebrano\/#primaryimage","url":"https:\/\/hora-instruments.com\/ro\/wp-content\/uploads\/2024\/07\/Ukulele-zebrano-tenor.jpg","contentUrl":"https:\/\/hora-instruments.com\/ro\/wp-content\/uploads\/2024\/07\/Ukulele-zebrano-tenor.jpg","width":600,"height":899,"caption":"Ukulele zebrano tenor"},{"@type":"BreadcrumbList","@id":"https:\/\/hora-instruments.com\/ro\/ukulele-tenor-zebrano\/#breadcrumb","itemListElement":[{"@type":"ListItem","position":1,"name":"Prima pagin\u0103","item":"https:\/\/hora-instruments.com\/ro\/"},{"@type":"ListItem","position":2,"name":"Ukulele Tenor Zebrano"}]},{"@type":"WebSite","@id":"https:\/\/hora-instruments.com\/ro\/#website","url":"https:\/\/hora-instruments.com\/ro\/","name":"Instrumente Hora","description":"","publisher":{"@id":"https:\/\/hora-instruments.com\/ro\/#organization"},"potentialAction":[{"@type":"SearchAction","target":{"@type":"EntryPoint","urlTemplate":"https:\/\/hora-instruments.com\/ro\/?s={search_term_string}"},"query-input":{"@type":"PropertyValueSpecification","valueRequired":true,"valueName":"search_term_string"}}],"inLanguage":"ro-RO"},{"@type":"Organization","@id":"https:\/\/hora-instruments.com\/ro\/#organization","name":"Instrumente Hora","url":"https:\/\/hora-instruments.com\/ro\/","logo":{"@type":"ImageObject","inLanguage":"ro-RO","@id":"https:\/\/hora-instruments.com\/ro\/#\/schema\/logo\/image\/","url":"https:\/\/hora-instruments.com\/ro\/wp-content\/uploads\/2024\/10\/hora-instruments.png","contentUrl":"https:\/\/hora-instruments.com\/ro\/wp-content\/uploads\/2024\/10\/hora-instruments.png","width":154,"height":154,"caption":"Instrumente Hora"},"image":{"@id":"https:\/\/hora-instruments.com\/ro\/#\/schema\/logo\/image\/"},"sameAs":["https:\/\/www.facebook.com\/hora.instruments","https:\/\/www.instagram.com\/hora.factory\/"]},{"@type":"Person","@id":"https:\/\/hora-instruments.com\/ro\/#\/schema\/person\/566460e54dd5800a3fa9d5d523e8ebc2","name":"HoraR","image":{"@type":"ImageObject","inLanguage":"ro-RO","@id":"https:\/\/secure.gravatar.com\/avatar\/614450387a5f6bcf6938bf01ff8a3457b93ef154b46227949267ec57bc7b7d41?s=96&d=mm&r=g","url":"https:\/\/secure.gravatar.com\/avatar\/614450387a5f6bcf6938bf01ff8a3457b93ef154b46227949267ec57bc7b7d41?s=96&d=mm&r=g","contentUrl":"https:\/\/secure.gravatar.com\/avatar\/614450387a5f6bcf6938bf01ff8a3457b93ef154b46227949267ec57bc7b7d41?s=96&d=mm&r=g","caption":"HoraR"},"sameAs":["http:\/\/localhost\/hora"],"url":"https:\/\/hora-instruments.com\/ro\/author\/horar\/"}]}},"_links":{"self":[{"href":"https:\/\/hora-instruments.com\/ro\/wp-json\/wp\/v2\/posts\/1494","targetHints":{"allow":["GET"]}}],"collection":[{"href":"https:\/\/hora-instruments.com\/ro\/wp-json\/wp\/v2\/posts"}],"about":[{"href":"https:\/\/hora-instruments.com\/ro\/wp-json\/wp\/v2\/types\/post"}],"author":[{"embeddable":true,"href":"https:\/\/hora-instruments.com\/ro\/wp-json\/wp\/v2\/users\/1"}],"replies":[{"embeddable":true,"href":"https:\/\/hora-instruments.com\/ro\/wp-json\/wp\/v2\/comments?post=1494"}],"version-history":[{"count":6,"href":"https:\/\/hora-instruments.com\/ro\/wp-json\/wp\/v2\/posts\/1494\/revisions"}],"predecessor-version":[{"id":3223,"href":"https:\/\/hora-instruments.com\/ro\/wp-json\/wp\/v2\/posts\/1494\/revisions\/3223"}],"wp:featuredmedia":[{"embeddable":true,"href":"https:\/\/hora-instruments.com\/ro\/wp-json\/wp\/v2\/media\/1495"}],"wp:attachment":[{"href":"https:\/\/hora-instruments.com\/ro\/wp-json\/wp\/v2\/media?parent=1494"}],"wp:term":[{"taxonomy":"category","embeddable":true,"href":"https:\/\/hora-instruments.com\/ro\/wp-json\/wp\/v2\/categories?post=1494"},{"taxonomy":"post_tag","embeddable":true,"href":"https:\/\/hora-instruments.com\/ro\/wp-json\/wp\/v2\/tags?post=1494"}],"curies":[{"name":"wp","href":"https:\/\/api.w.org\/{rel}","templated":true}]}}