{"id":973,"date":"2024-07-14T15:46:03","date_gmt":"2024-07-14T15:46:03","guid":{"rendered":"http:\/\/localhost\/hora\/?p=973"},"modified":"2026-08-20T10:33:28","modified_gmt":"2026-08-20T10:33:28","slug":"bouzouki-irlandez-concert","status":"publish","type":"post","link":"https:\/\/hora-instruments.com\/ro\/bouzouki-irlandez-concert\/","title":{"rendered":"Bouzouki Irlandez Concert"},"content":{"rendered":"<p style=\"font-weight: 400;\"><strong>Bouzouki-ul irlandez Concert<\/strong> este un instrument cu corzi care a devenit parte integrant\u0103 a muzicii folk irlandeze, evolu\u00e2nd din originile sale grece\u0219ti pentru a se adapta nevoilor \u0219i stilurilor muzicienilor cel\u021bi.<\/p>\n<h2>Detalii tehnice<\/h2>\n<table style=\"border-collapse: collapse; width: 100%; height: 171px;\">\n<tbody>\n<tr style=\"height: 24px;\">\n<td style=\"width: 50%; height: 24px;\"><strong>Model<\/strong><\/td>\n<td style=\"width: 50%; height: 24px;\">Bouzouki Irlandez Concert<\/td>\n<\/tr>\n<tr style=\"height: 24px;\">\n<td style=\"width: 50%; height: 24px;\"><strong>Cod<\/strong><\/td>\n<td style=\"width: 50%; height: 24px;\">M1090<\/td>\n<\/tr>\n<tr style=\"height: 24px;\">\n<td style=\"width: 50%; height: 24px;\"><strong>M\u0103rime<br \/>\n<\/strong><\/td>\n<td style=\"width: 50%; height: 24px;\">660 mm<\/td>\n<\/tr>\n<tr style=\"height: 24px;\">\n<td style=\"width: 50%; height: 24px;\"><strong>Fa\u021b\u0103<\/strong><\/td>\n<td style=\"width: 50%; height: 24px;\">molid masiv<\/td>\n<\/tr>\n<tr style=\"height: 24px;\">\n<td style=\"width: 50%; height: 23px;\"><strong>Spate<\/strong><\/td>\n<td style=\"width: 50%; height: 23px;\">paltin<\/td>\n<\/tr>\n<tr style=\"height: 24px;\">\n<td style=\"width: 50%; height: 24px;\"><strong>Eclis\u0103<\/strong><\/td>\n<td style=\"width: 50%; height: 24px;\">paltin<\/td>\n<\/tr>\n<tr style=\"height: 24px;\">\n<td style=\"width: 50%; height: 28px;\"><strong>G\u00e2t<\/strong><\/td>\n<td style=\"width: 50%; height: 28px;\">paltin cu tij\u0103 metalic\u0103 ajustabil\u0103<\/td>\n<\/tr>\n<\/tbody>\n<\/table>\n<h2>Specifica\u021bii<\/h2>\n<ul>\n<li>Instrumentele sunt echipate cu corzi profesionale.<\/li>\n<li>Lemnul este atent selec\u0163ionat, av\u00e2nd mai mult de zece ani de \u00eemb\u0103tr\u00e2nire natural\u0103.<\/li>\n<li>LH &#8211; Instrumentele pot fi asamblate cu op\u0163iunea pentru st\u00e2ngaci.<\/li>\n<li>La cererea clientului, instrumentele pot fi echipate cu doz\u0103 piezo cu egalizator.<\/li>\n<\/ul>\n<h2>Harta acordajului<\/h2>\n<table id=\"eael-data-table-67917b5\" class=\"tablesorter eael-data-table center\">\n<thead>\n<tr class=\"table-header\">\n<th id=\"\" class=\"\" colspan=\"\"><span class=\"data-table-header-text\">Numarul corzii<br \/>\n<\/span><\/th>\n<th id=\"\" class=\"\" colspan=\"\"><span class=\"data-table-header-text\">Nota<\/span><\/th>\n<th id=\"\" class=\"\" colspan=\"\"><span class=\"data-table-header-text\">Nota<\/span><\/th>\n<th id=\"\" class=\"\" colspan=\"\"><span class=\"data-table-header-text\">Frecven\u021b\u0103 (Hz)<\/span><\/th>\n<\/tr>\n<\/thead>\n<tbody>\n<tr>\n<td id=\"\" class=\"\" colspan=\"\" rowspan=\"\">\n<div class=\"td-content-wrapper\">\n<div class=\"td-content\">8<\/div>\n<\/div>\n<\/td>\n<td id=\"\" class=\"\" colspan=\"\" rowspan=\"\">\n<div class=\"td-content-wrapper\">\n<div class=\"td-content\">SOL<\/div>\n<\/div>\n<\/td>\n<td id=\"\" class=\"\" colspan=\"\" rowspan=\"\">\n<div class=\"td-content-wrapper\">\n<div class=\"td-content\">G2<\/div>\n<\/div>\n<\/td>\n<td id=\"\" class=\"\" colspan=\"\" rowspan=\"\">\n<div class=\"td-content-wrapper\">\n<div class=\"td-content\">98,0<\/div>\n<\/div>\n<\/td>\n<\/tr>\n<tr>\n<td id=\"\" class=\"\" colspan=\"\" rowspan=\"\">\n<div class=\"td-content-wrapper\">\n<div class=\"td-content\">7<\/div>\n<\/div>\n<\/td>\n<td id=\"\" class=\"\" colspan=\"\" rowspan=\"\">\n<div class=\"td-content-wrapper\">\n<div class=\"td-content\">sol<\/div>\n<\/div>\n<\/td>\n<td id=\"\" class=\"\" colspan=\"\" rowspan=\"\">\n<div class=\"td-content-wrapper\">\n<div class=\"td-content\">G3<\/div>\n<\/div>\n<\/td>\n<td id=\"\" class=\"\" colspan=\"\" rowspan=\"\">\n<div class=\"td-content-wrapper\">\n<div class=\"td-content\">196,0<\/div>\n<\/div>\n<\/td>\n<\/tr>\n<tr>\n<td id=\"\" class=\"\" colspan=\"\" rowspan=\"\">\n<div class=\"td-content-wrapper\">\n<div class=\"td-content\">6<\/div>\n<\/div>\n<\/td>\n<td id=\"\" class=\"\" colspan=\"\" rowspan=\"\">\n<div class=\"td-content-wrapper\">\n<div class=\"td-content\">re<\/div>\n<\/div>\n<\/td>\n<td id=\"\" class=\"\" colspan=\"\" rowspan=\"\">\n<div class=\"td-content-wrapper\">\n<div class=\"td-content\">D3<\/div>\n<\/div>\n<\/td>\n<td id=\"\" class=\"\" colspan=\"\" rowspan=\"\">\n<div class=\"td-content-wrapper\">\n<div class=\"td-content\">146,83<\/div>\n<\/div>\n<\/td>\n<\/tr>\n<tr>\n<td id=\"\" class=\"\" colspan=\"\" rowspan=\"\">\n<div class=\"td-content-wrapper\">\n<div class=\"td-content\">5<\/div>\n<\/div>\n<\/td>\n<td id=\"\" class=\"\" colspan=\"\" rowspan=\"\">\n<div class=\"td-content-wrapper\">\n<div class=\"td-content\">re1<\/div>\n<\/div>\n<\/td>\n<td id=\"\" class=\"\" colspan=\"\" rowspan=\"\">\n<div class=\"td-content-wrapper\">\n<div class=\"td-content\">D4<\/div>\n<\/div>\n<\/td>\n<td id=\"\" class=\"\" colspan=\"\" rowspan=\"\">\n<div class=\"td-content-wrapper\">\n<div class=\"td-content\">293,66<\/div>\n<\/div>\n<\/td>\n<\/tr>\n<tr>\n<td id=\"\" class=\"\" colspan=\"\" rowspan=\"\">\n<div class=\"td-content-wrapper\">\n<div class=\"td-content\">4<\/div>\n<\/div>\n<\/td>\n<td id=\"\" class=\"\" colspan=\"\" rowspan=\"\">\n<div class=\"td-content-wrapper\">\n<div class=\"td-content\">la<\/div>\n<\/div>\n<\/td>\n<td id=\"\" class=\"\" colspan=\"\" rowspan=\"\">\n<div class=\"td-content-wrapper\">\n<div class=\"td-content\">A3<\/div>\n<\/div>\n<\/td>\n<td id=\"\" class=\"\" colspan=\"\" rowspan=\"\">\n<div class=\"td-content-wrapper\">\n<div class=\"td-content\">220,0<\/div>\n<\/div>\n<\/td>\n<\/tr>\n<tr>\n<td id=\"\" class=\"\" colspan=\"\" rowspan=\"\">\n<div class=\"td-content-wrapper\">\n<div class=\"td-content\">3<\/div>\n<\/div>\n<\/td>\n<td id=\"\" class=\"\" colspan=\"\" rowspan=\"\">\n<div class=\"td-content-wrapper\">\n<div class=\"td-content\">la<\/div>\n<\/div>\n<\/td>\n<td id=\"\" class=\"\" colspan=\"\" rowspan=\"\">\n<div class=\"td-content-wrapper\">\n<div class=\"td-content\">A3<\/div>\n<\/div>\n<\/td>\n<td id=\"\" class=\"\" colspan=\"\" rowspan=\"\">\n<div class=\"td-content-wrapper\">\n<div class=\"td-content\">220,0<\/div>\n<\/div>\n<\/td>\n<\/tr>\n<tr>\n<td id=\"\" class=\"\" colspan=\"\" rowspan=\"\">\n<div class=\"td-content-wrapper\">\n<div class=\"td-content\">2<\/div>\n<\/div>\n<\/td>\n<td id=\"\" class=\"\" colspan=\"\" rowspan=\"\">\n<div class=\"td-content-wrapper\">\n<div class=\"td-content\">re1<\/div>\n<\/div>\n<\/td>\n<td id=\"\" class=\"\" colspan=\"\" rowspan=\"\">\n<div class=\"td-content-wrapper\">\n<div class=\"td-content\">D4<\/div>\n<\/div>\n<\/td>\n<td id=\"\" class=\"\" colspan=\"\" rowspan=\"\">\n<div class=\"td-content-wrapper\">\n<div class=\"td-content\">293,66<\/div>\n<\/div>\n<\/td>\n<\/tr>\n<tr>\n<td id=\"\" class=\"\" colspan=\"\" rowspan=\"\">\n<div class=\"td-content-wrapper\">\n<div class=\"td-content\">1<\/div>\n<\/div>\n<\/td>\n<td id=\"\" class=\"\" colspan=\"\" rowspan=\"\">\n<div class=\"td-content-wrapper\">\n<div class=\"td-content\">re1<\/div>\n<\/div>\n<\/td>\n<td id=\"\" class=\"\" colspan=\"\" rowspan=\"\">\n<div class=\"td-content-wrapper\">\n<div class=\"td-content\">D4<\/div>\n<\/div>\n<\/td>\n<td id=\"\" class=\"\" colspan=\"\" rowspan=\"\">\n<div class=\"td-content-wrapper\">\n<div class=\"td-content\">293,66<\/div>\n<\/div>\n<\/td>\n<\/tr>\n<\/tbody>\n<\/table>\n<h3 class=\"elementor-heading-title elementor-size-default\"><\/h3>\n","protected":false},"excerpt":{"rendered":"Bouzouki-ul irlandez Concert este un instrument cu corzi care a devenit parte integrant\u0103 a muzicii folk irlandeze, evolu\u00e2nd din originile sale grece\u0219ti pentru a se adapta nevoilor \u0219i stilurilor muzicienilor cel\u021bi. Detalii tehnice Model Bouzouki Irlandez Concert Cod M1090 M\u0103rime 660 mm Fa\u021b\u0103 molid masiv Spate paltin Eclis\u0103 paltin G\u00e2t paltin cu tij\u0103 metalic\u0103 ajustabil\u0103&#8230; <a class=\"view-article\" href=\"https:\/\/hora-instruments.com\/ro\/bouzouki-irlandez-concert\/\">Vezi Articol<\/a>","protected":false},"author":1,"featured_media":983,"comment_status":"open","ping_status":"open","sticky":false,"template":"","format":"standard","meta":{"_acf_changed":false,"footnotes":""},"categories":[43],"tags":[],"class_list":["post-973","post","type-post","status-publish","format-standard","has-post-thumbnail","hentry","category-irish-bouzoukis"],"acf":[],"yoast_head":"<!-- This site is optimized with the Yoast SEO plugin v28.1 - https:\/\/yoast.com\/product\/yoast-seo-wordpress\/ -->\n<title>Bouzouki Irlandez Concert<\/title>\n<meta name=\"description\" content=\"Bouzouki Irlandez Concert este un instrument cu coarde care face parte integrant\u0103 a muzicii populare irlandeze, creat la Hora, Rom\u00e2nia.\" \/>\n<meta name=\"robots\" content=\"index, follow, max-snippet:-1, max-image-preview:large, max-video-preview:-1\" \/>\n<link rel=\"canonical\" href=\"https:\/\/hora-instruments.com\/ro\/bouzouki-irlandez-concert\/\" \/>\n<meta property=\"og:locale\" content=\"ro_RO\" \/>\n<meta property=\"og:type\" content=\"article\" \/>\n<meta property=\"og:title\" content=\"Bouzouki Irlandez Concert\" \/>\n<meta property=\"og:description\" content=\"Bouzouki Irlandez Concert este un instrument cu coarde care face parte integrant\u0103 a muzicii populare irlandeze, creat la Hora, Rom\u00e2nia.\" \/>\n<meta property=\"og:url\" content=\"https:\/\/hora-instruments.com\/ro\/bouzouki-irlandez-concert\/\" \/>\n<meta property=\"og:site_name\" content=\"Instrumente Hora\" \/>\n<meta property=\"article:publisher\" content=\"https:\/\/www.facebook.com\/hora.instruments\" \/>\n<meta property=\"article:published_time\" content=\"2024-07-14T15:46:03+00:00\" \/>\n<meta property=\"article:modified_time\" content=\"2026-08-20T10:33:28+00:00\" \/>\n<meta property=\"og:image\" content=\"https:\/\/hora-instruments.com\/ro\/wp-content\/uploads\/2024\/07\/Concert-Bouzouki-3.jpg\" \/>\n\t<meta property=\"og:image:width\" content=\"600\" \/>\n\t<meta property=\"og:image:height\" content=\"899\" \/>\n\t<meta property=\"og:image:type\" content=\"image\/jpeg\" \/>\n<meta name=\"author\" content=\"HoraR\" \/>\n<meta name=\"twitter:card\" content=\"summary_large_image\" \/>\n<meta name=\"twitter:label1\" content=\"Scris de\" \/>\n\t<meta name=\"twitter:data1\" content=\"HoraR\" \/>\n\t<meta name=\"twitter:label2\" content=\"Timp estimat pentru citire\" \/>\n\t<meta name=\"twitter:data2\" content=\"1 minut\" \/>\n<script type=\"application\/ld+json\" class=\"yoast-schema-graph\">{\"@context\":\"https:\\\/\\\/schema.org\",\"@graph\":[{\"@type\":\"Article\",\"@id\":\"https:\\\/\\\/hora-instruments.com\\\/ro\\\/bouzouki-irlandez-concert\\\/#article\",\"isPartOf\":{\"@id\":\"https:\\\/\\\/hora-instruments.com\\\/ro\\\/bouzouki-irlandez-concert\\\/\"},\"author\":{\"name\":\"HoraR\",\"@id\":\"https:\\\/\\\/hora-instruments.com\\\/ro\\\/#\\\/schema\\\/person\\\/566460e54dd5800a3fa9d5d523e8ebc2\"},\"headline\":\"Bouzouki Irlandez Concert\",\"datePublished\":\"2024-07-14T15:46:03+00:00\",\"dateModified\":\"2026-08-20T10:33:28+00:00\",\"mainEntityOfPage\":{\"@id\":\"https:\\\/\\\/hora-instruments.com\\\/ro\\\/bouzouki-irlandez-concert\\\/\"},\"wordCount\":135,\"commentCount\":0,\"publisher\":{\"@id\":\"https:\\\/\\\/hora-instruments.com\\\/ro\\\/#organization\"},\"image\":{\"@id\":\"https:\\\/\\\/hora-instruments.com\\\/ro\\\/bouzouki-irlandez-concert\\\/#primaryimage\"},\"thumbnailUrl\":\"https:\\\/\\\/hora-instruments.com\\\/ro\\\/wp-content\\\/uploads\\\/2024\\\/07\\\/Concert-Bouzouki-3.jpg\",\"articleSection\":[\"Bouzouki Irlandez\"],\"inLanguage\":\"ro-RO\",\"potentialAction\":[{\"@type\":\"CommentAction\",\"name\":\"Comment\",\"target\":[\"https:\\\/\\\/hora-instruments.com\\\/ro\\\/bouzouki-irlandez-concert\\\/#respond\"]}]},{\"@type\":\"WebPage\",\"@id\":\"https:\\\/\\\/hora-instruments.com\\\/ro\\\/bouzouki-irlandez-concert\\\/\",\"url\":\"https:\\\/\\\/hora-instruments.com\\\/ro\\\/bouzouki-irlandez-concert\\\/\",\"name\":\"Bouzouki Irlandez Concert\",\"isPartOf\":{\"@id\":\"https:\\\/\\\/hora-instruments.com\\\/ro\\\/#website\"},\"primaryImageOfPage\":{\"@id\":\"https:\\\/\\\/hora-instruments.com\\\/ro\\\/bouzouki-irlandez-concert\\\/#primaryimage\"},\"image\":{\"@id\":\"https:\\\/\\\/hora-instruments.com\\\/ro\\\/bouzouki-irlandez-concert\\\/#primaryimage\"},\"thumbnailUrl\":\"https:\\\/\\\/hora-instruments.com\\\/ro\\\/wp-content\\\/uploads\\\/2024\\\/07\\\/Concert-Bouzouki-3.jpg\",\"datePublished\":\"2024-07-14T15:46:03+00:00\",\"dateModified\":\"2026-08-20T10:33:28+00:00\",\"description\":\"Bouzouki Irlandez Concert este un instrument cu coarde care face parte integrant\u0103 a muzicii populare irlandeze, creat la Hora, Rom\u00e2nia.\",\"breadcrumb\":{\"@id\":\"https:\\\/\\\/hora-instruments.com\\\/ro\\\/bouzouki-irlandez-concert\\\/#breadcrumb\"},\"inLanguage\":\"ro-RO\",\"potentialAction\":[{\"@type\":\"ReadAction\",\"target\":[\"https:\\\/\\\/hora-instruments.com\\\/ro\\\/bouzouki-irlandez-concert\\\/\"]}]},{\"@type\":\"ImageObject\",\"inLanguage\":\"ro-RO\",\"@id\":\"https:\\\/\\\/hora-instruments.com\\\/ro\\\/bouzouki-irlandez-concert\\\/#primaryimage\",\"url\":\"https:\\\/\\\/hora-instruments.com\\\/ro\\\/wp-content\\\/uploads\\\/2024\\\/07\\\/Concert-Bouzouki-3.jpg\",\"contentUrl\":\"https:\\\/\\\/hora-instruments.com\\\/ro\\\/wp-content\\\/uploads\\\/2024\\\/07\\\/Concert-Bouzouki-3.jpg\",\"width\":600,\"height\":899},{\"@type\":\"BreadcrumbList\",\"@id\":\"https:\\\/\\\/hora-instruments.com\\\/ro\\\/bouzouki-irlandez-concert\\\/#breadcrumb\",\"itemListElement\":[{\"@type\":\"ListItem\",\"position\":1,\"name\":\"Prima pagin\u0103\",\"item\":\"https:\\\/\\\/hora-instruments.com\\\/ro\\\/\"},{\"@type\":\"ListItem\",\"position\":2,\"name\":\"Bouzouki Irlandez Concert\"}]},{\"@type\":\"WebSite\",\"@id\":\"https:\\\/\\\/hora-instruments.com\\\/ro\\\/#website\",\"url\":\"https:\\\/\\\/hora-instruments.com\\\/ro\\\/\",\"name\":\"Instrumente Hora\",\"description\":\"\",\"publisher\":{\"@id\":\"https:\\\/\\\/hora-instruments.com\\\/ro\\\/#organization\"},\"potentialAction\":[{\"@type\":\"SearchAction\",\"target\":{\"@type\":\"EntryPoint\",\"urlTemplate\":\"https:\\\/\\\/hora-instruments.com\\\/ro\\\/?s={search_term_string}\"},\"query-input\":{\"@type\":\"PropertyValueSpecification\",\"valueRequired\":true,\"valueName\":\"search_term_string\"}}],\"inLanguage\":\"ro-RO\"},{\"@type\":\"Organization\",\"@id\":\"https:\\\/\\\/hora-instruments.com\\\/ro\\\/#organization\",\"name\":\"Instrumente Hora\",\"url\":\"https:\\\/\\\/hora-instruments.com\\\/ro\\\/\",\"logo\":{\"@type\":\"ImageObject\",\"inLanguage\":\"ro-RO\",\"@id\":\"https:\\\/\\\/hora-instruments.com\\\/ro\\\/#\\\/schema\\\/logo\\\/image\\\/\",\"url\":\"https:\\\/\\\/hora-instruments.com\\\/ro\\\/wp-content\\\/uploads\\\/2024\\\/10\\\/hora-instruments.png\",\"contentUrl\":\"https:\\\/\\\/hora-instruments.com\\\/ro\\\/wp-content\\\/uploads\\\/2024\\\/10\\\/hora-instruments.png\",\"width\":154,\"height\":154,\"caption\":\"Instrumente Hora\"},\"image\":{\"@id\":\"https:\\\/\\\/hora-instruments.com\\\/ro\\\/#\\\/schema\\\/logo\\\/image\\\/\"},\"sameAs\":[\"https:\\\/\\\/www.facebook.com\\\/hora.instruments\",\"https:\\\/\\\/www.instagram.com\\\/hora.factory\\\/\"]},{\"@type\":\"Person\",\"@id\":\"https:\\\/\\\/hora-instruments.com\\\/ro\\\/#\\\/schema\\\/person\\\/566460e54dd5800a3fa9d5d523e8ebc2\",\"name\":\"HoraR\",\"image\":{\"@type\":\"ImageObject\",\"inLanguage\":\"ro-RO\",\"@id\":\"https:\\\/\\\/secure.gravatar.com\\\/avatar\\\/614450387a5f6bcf6938bf01ff8a3457b93ef154b46227949267ec57bc7b7d41?s=96&d=mm&r=g\",\"url\":\"https:\\\/\\\/secure.gravatar.com\\\/avatar\\\/614450387a5f6bcf6938bf01ff8a3457b93ef154b46227949267ec57bc7b7d41?s=96&d=mm&r=g\",\"contentUrl\":\"https:\\\/\\\/secure.gravatar.com\\\/avatar\\\/614450387a5f6bcf6938bf01ff8a3457b93ef154b46227949267ec57bc7b7d41?s=96&d=mm&r=g\",\"caption\":\"HoraR\"},\"sameAs\":[\"http:\\\/\\\/localhost\\\/hora\"],\"url\":\"https:\\\/\\\/hora-instruments.com\\\/ro\\\/author\\\/horar\\\/\"}]}<\/script>\n<!-- \/ Yoast SEO plugin. -->","yoast_head_json":{"title":"Bouzouki Irlandez Concert","description":"Bouzouki Irlandez Concert este un instrument cu coarde care face parte integrant\u0103 a muzicii populare irlandeze, creat la Hora, Rom\u00e2nia.","robots":{"index":"index","follow":"follow","max-snippet":"max-snippet:-1","max-image-preview":"max-image-preview:large","max-video-preview":"max-video-preview:-1"},"canonical":"https:\/\/hora-instruments.com\/ro\/bouzouki-irlandez-concert\/","og_locale":"ro_RO","og_type":"article","og_title":"Bouzouki Irlandez Concert","og_description":"Bouzouki Irlandez Concert este un instrument cu coarde care face parte integrant\u0103 a muzicii populare irlandeze, creat la Hora, Rom\u00e2nia.","og_url":"https:\/\/hora-instruments.com\/ro\/bouzouki-irlandez-concert\/","og_site_name":"Instrumente Hora","article_publisher":"https:\/\/www.facebook.com\/hora.instruments","article_published_time":"2024-07-14T15:46:03+00:00","article_modified_time":"2026-08-20T10:33:28+00:00","og_image":[{"width":600,"height":899,"url":"https:\/\/hora-instruments.com\/ro\/wp-content\/uploads\/2024\/07\/Concert-Bouzouki-3.jpg","type":"image\/jpeg"}],"author":"HoraR","twitter_card":"summary_large_image","twitter_misc":{"Scris de":"HoraR","Timp estimat pentru citire":"1 minut"},"schema":{"@context":"https:\/\/schema.org","@graph":[{"@type":"Article","@id":"https:\/\/hora-instruments.com\/ro\/bouzouki-irlandez-concert\/#article","isPartOf":{"@id":"https:\/\/hora-instruments.com\/ro\/bouzouki-irlandez-concert\/"},"author":{"name":"HoraR","@id":"https:\/\/hora-instruments.com\/ro\/#\/schema\/person\/566460e54dd5800a3fa9d5d523e8ebc2"},"headline":"Bouzouki Irlandez Concert","datePublished":"2024-07-14T15:46:03+00:00","dateModified":"2026-08-20T10:33:28+00:00","mainEntityOfPage":{"@id":"https:\/\/hora-instruments.com\/ro\/bouzouki-irlandez-concert\/"},"wordCount":135,"commentCount":0,"publisher":{"@id":"https:\/\/hora-instruments.com\/ro\/#organization"},"image":{"@id":"https:\/\/hora-instruments.com\/ro\/bouzouki-irlandez-concert\/#primaryimage"},"thumbnailUrl":"https:\/\/hora-instruments.com\/ro\/wp-content\/uploads\/2024\/07\/Concert-Bouzouki-3.jpg","articleSection":["Bouzouki Irlandez"],"inLanguage":"ro-RO","potentialAction":[{"@type":"CommentAction","name":"Comment","target":["https:\/\/hora-instruments.com\/ro\/bouzouki-irlandez-concert\/#respond"]}]},{"@type":"WebPage","@id":"https:\/\/hora-instruments.com\/ro\/bouzouki-irlandez-concert\/","url":"https:\/\/hora-instruments.com\/ro\/bouzouki-irlandez-concert\/","name":"Bouzouki Irlandez Concert","isPartOf":{"@id":"https:\/\/hora-instruments.com\/ro\/#website"},"primaryImageOfPage":{"@id":"https:\/\/hora-instruments.com\/ro\/bouzouki-irlandez-concert\/#primaryimage"},"image":{"@id":"https:\/\/hora-instruments.com\/ro\/bouzouki-irlandez-concert\/#primaryimage"},"thumbnailUrl":"https:\/\/hora-instruments.com\/ro\/wp-content\/uploads\/2024\/07\/Concert-Bouzouki-3.jpg","datePublished":"2024-07-14T15:46:03+00:00","dateModified":"2026-08-20T10:33:28+00:00","description":"Bouzouki Irlandez Concert este un instrument cu coarde care face parte integrant\u0103 a muzicii populare irlandeze, creat la Hora, Rom\u00e2nia.","breadcrumb":{"@id":"https:\/\/hora-instruments.com\/ro\/bouzouki-irlandez-concert\/#breadcrumb"},"inLanguage":"ro-RO","potentialAction":[{"@type":"ReadAction","target":["https:\/\/hora-instruments.com\/ro\/bouzouki-irlandez-concert\/"]}]},{"@type":"ImageObject","inLanguage":"ro-RO","@id":"https:\/\/hora-instruments.com\/ro\/bouzouki-irlandez-concert\/#primaryimage","url":"https:\/\/hora-instruments.com\/ro\/wp-content\/uploads\/2024\/07\/Concert-Bouzouki-3.jpg","contentUrl":"https:\/\/hora-instruments.com\/ro\/wp-content\/uploads\/2024\/07\/Concert-Bouzouki-3.jpg","width":600,"height":899},{"@type":"BreadcrumbList","@id":"https:\/\/hora-instruments.com\/ro\/bouzouki-irlandez-concert\/#breadcrumb","itemListElement":[{"@type":"ListItem","position":1,"name":"Prima pagin\u0103","item":"https:\/\/hora-instruments.com\/ro\/"},{"@type":"ListItem","position":2,"name":"Bouzouki Irlandez Concert"}]},{"@type":"WebSite","@id":"https:\/\/hora-instruments.com\/ro\/#website","url":"https:\/\/hora-instruments.com\/ro\/","name":"Instrumente Hora","description":"","publisher":{"@id":"https:\/\/hora-instruments.com\/ro\/#organization"},"potentialAction":[{"@type":"SearchAction","target":{"@type":"EntryPoint","urlTemplate":"https:\/\/hora-instruments.com\/ro\/?s={search_term_string}"},"query-input":{"@type":"PropertyValueSpecification","valueRequired":true,"valueName":"search_term_string"}}],"inLanguage":"ro-RO"},{"@type":"Organization","@id":"https:\/\/hora-instruments.com\/ro\/#organization","name":"Instrumente Hora","url":"https:\/\/hora-instruments.com\/ro\/","logo":{"@type":"ImageObject","inLanguage":"ro-RO","@id":"https:\/\/hora-instruments.com\/ro\/#\/schema\/logo\/image\/","url":"https:\/\/hora-instruments.com\/ro\/wp-content\/uploads\/2024\/10\/hora-instruments.png","contentUrl":"https:\/\/hora-instruments.com\/ro\/wp-content\/uploads\/2024\/10\/hora-instruments.png","width":154,"height":154,"caption":"Instrumente Hora"},"image":{"@id":"https:\/\/hora-instruments.com\/ro\/#\/schema\/logo\/image\/"},"sameAs":["https:\/\/www.facebook.com\/hora.instruments","https:\/\/www.instagram.com\/hora.factory\/"]},{"@type":"Person","@id":"https:\/\/hora-instruments.com\/ro\/#\/schema\/person\/566460e54dd5800a3fa9d5d523e8ebc2","name":"HoraR","image":{"@type":"ImageObject","inLanguage":"ro-RO","@id":"https:\/\/secure.gravatar.com\/avatar\/614450387a5f6bcf6938bf01ff8a3457b93ef154b46227949267ec57bc7b7d41?s=96&d=mm&r=g","url":"https:\/\/secure.gravatar.com\/avatar\/614450387a5f6bcf6938bf01ff8a3457b93ef154b46227949267ec57bc7b7d41?s=96&d=mm&r=g","contentUrl":"https:\/\/secure.gravatar.com\/avatar\/614450387a5f6bcf6938bf01ff8a3457b93ef154b46227949267ec57bc7b7d41?s=96&d=mm&r=g","caption":"HoraR"},"sameAs":["http:\/\/localhost\/hora"],"url":"https:\/\/hora-instruments.com\/ro\/author\/horar\/"}]}},"_links":{"self":[{"href":"https:\/\/hora-instruments.com\/ro\/wp-json\/wp\/v2\/posts\/973","targetHints":{"allow":["GET"]}}],"collection":[{"href":"https:\/\/hora-instruments.com\/ro\/wp-json\/wp\/v2\/posts"}],"about":[{"href":"https:\/\/hora-instruments.com\/ro\/wp-json\/wp\/v2\/types\/post"}],"author":[{"embeddable":true,"href":"https:\/\/hora-instruments.com\/ro\/wp-json\/wp\/v2\/users\/1"}],"replies":[{"embeddable":true,"href":"https:\/\/hora-instruments.com\/ro\/wp-json\/wp\/v2\/comments?post=973"}],"version-history":[{"count":11,"href":"https:\/\/hora-instruments.com\/ro\/wp-json\/wp\/v2\/posts\/973\/revisions"}],"predecessor-version":[{"id":3199,"href":"https:\/\/hora-instruments.com\/ro\/wp-json\/wp\/v2\/posts\/973\/revisions\/3199"}],"wp:featuredmedia":[{"embeddable":true,"href":"https:\/\/hora-instruments.com\/ro\/wp-json\/wp\/v2\/media\/983"}],"wp:attachment":[{"href":"https:\/\/hora-instruments.com\/ro\/wp-json\/wp\/v2\/media?parent=973"}],"wp:term":[{"taxonomy":"category","embeddable":true,"href":"https:\/\/hora-instruments.com\/ro\/wp-json\/wp\/v2\/categories?post=973"},{"taxonomy":"post_tag","embeddable":true,"href":"https:\/\/hora-instruments.com\/ro\/wp-json\/wp\/v2\/tags?post=973"}],"curies":[{"name":"wp","href":"https:\/\/api.w.org\/{rel}","templated":true}]}}